{"provider_url": "https://www.garca.sp.leg.br", "title": "Vota\u00e7\u00e3o Eletr\u00f4nica", "html": "<p align=\"justify\" class=\"western\" style=\"text-align: justify; \"><span>Em um passo importante rumo \u00e0 moderniza\u00e7\u00e3o e transpar\u00eancia no Legislativo garcense, a presidente da C\u00e2mara Municipal, Raquel Sartori</span><span> - PL</span><span>, anunciou a implanta\u00e7\u00e3o do sistema de vota\u00e7\u00e3o eletr\u00f4nica. A iniciativa, que ser\u00e1 um marco hist\u00f3rico em sua ges</span><span>t</span><span>\u00e3o, visa agilizar os processos internos e garantir mais efici\u00eancia e seguran\u00e7a durante as sess\u00f5es plen\u00e1rias.</span></p>\r\n<p align=\"justify\" class=\"western\" style=\"text-align: justify; \">Eleita para liderar a <span>C</span>asa de<span> L</span>eis nos pr\u00f3ximos dois anos, a presidente destacou a import\u00e2ncia de moderniza<span>\u00e7\u00e3o do</span> Legislativo para acompanhar as demandas atuais. \u201cA ado\u00e7\u00e3o do sistema eletr\u00f4nico de vota\u00e7\u00e3o reflete o nosso compromisso com a transpar\u00eancia e a inova\u00e7\u00e3o. Este \u00e9 apenas o in\u00edcio de um ciclo de transforma\u00e7\u00f5es que desejamos implementar durante a nossa gest\u00e3o<span> \u00e0 frente do Legislativo</span>\u201d, afirmou Sartori.</p>\r\n<p align=\"justify\" class=\"western\" style=\"text-align: justify; \">Com a nova tecnologia, os votos dos <span>Edis</span> ser\u00e3o registrados de forma eletr\u00f4nica e exibidos em tempo real, permitindo maior clareza para o p\u00fablico presente e tamb\u00e9m para quem acompanha as transmiss\u00f5es ao vivo das sess\u00f5es. Al\u00e9m disso, o sistema promete simplificar a contagem de votos e o registro de pautas, otimizando o trabalho administrativo.</p>\r\n<p align=\"justify\" class=\"western\" style=\"text-align: justify; \">A implanta\u00e7\u00e3o oficial do sistema ser\u00e1 feito j\u00e1 nas primeiras sess\u00f5es extraordin\u00e1rias <span>d</span>o m\u00eas de janeiro. A C\u00e2mara realizar\u00e1 um treinamento espec\u00edfico para os parlamentares e servidores, garantindo que todos estejam familiarizados com a nova ferramenta<span>.</span></p>\r\n<p align=\"justify\" class=\"western\" style=\"text-align: justify; \">Essa iniciativa refor\u00e7a o compromisso da nova gest\u00e3o em tornar o Legislativo mais acess\u00edvel e eficiente, aproximando ainda mais a popula\u00e7\u00e3o das decis\u00f5es que impactam o munic\u00edpio.</p>\r\n<p align=\"justify\" class=\"western\" style=\"text-align: justify; \">Acompanhe as redes sociais e o site oficial da C\u00e2mara Municipal de Gar\u00e7a para mais informa\u00e7\u00f5es<span>.</span></p>", "author_name": "", "version": "1.0", "author_url": "https://www.garca.sp.leg.br/author/fabiano.silva", "provider_name": "C\u00e2mara Municipal de Gar\u00e7a", "type": "rich"}