{"provider_url": "https://www.garca.sp.leg.br", "title": "Sess\u00e3o Solene", "html": "<p style=\"text-align: justify; \"><span>A\u00a0</span><span><b>C\u00c2MARA MUNICIPAL DE GAR\u00c7A</b></span><span>, por interm\u00e9dio\u00a0</span><span>de seu Presidente</span><span>,\u00a0</span><span><b>CONVIDA</b></span><span>\u00a0a comunidade em geral para participar da sess\u00e3o solene para\u00a0 a</span>\u00a0entrega do Pr\u00eamio de <b>\u201cATIRADOR DESTAQUE DO ANO\u201d</b><b> a </b><b>LUCAS MEIRELLES DE SOUZA,\u00a0</b>a realizar-se no dia <b>26</b><b> </b><b>DE </b><b>NOVEMBRO </b><b>DE 20</b><b>24</b>, \u00e0s<b> </b><b>19</b><b>h</b><b>30</b><b> (</b><b>dezenove </b><b>horas</b><b> e trinta minutos</b><b>)</b><b>.\u00a0</b></p>", "author_name": "", "version": "1.0", "author_url": "https://www.garca.sp.leg.br/author/fabiano.silva", "provider_name": "C\u00e2mara Municipal de Gar\u00e7a", "type": "rich"}