{"provider_url": "https://www.garca.sp.leg.br", "title": "Recesso Legislativo", "html": "<p style=\"text-align: justify; \">Tem in\u00edcio, a partir do dia 16/12/2024, o\u00a0<span class=\"highlightedSearchTerm\">recesso</span>\u00a0legislativo que se estender\u00e1 por todo m\u00eas de janeiro de 2025.</p>\r\n<p style=\"text-align: justify; \">As sess\u00f5es ordin\u00e1rias est\u00e3o suspensas durante esse per\u00edodo, retornando suas realiza\u00e7\u00f5es a partir do m\u00eas de fevereiro. Caso haja necessidade, o Plen\u00e1rio poder\u00e1 ser convocado a participar de sess\u00f5es extraordin\u00e1rias.\u00a0\u00a0</p>\r\n<p style=\"text-align: justify; \">O expediente administrativo continua normalmente, mantidos os canais externos de atendimento ao p\u00fablico e transpar\u00eancia, inclusive os dispon\u00edveis na internet. O atendimento ao p\u00fablico na sede do legislativo \u00e9 das 9h \u00e0s 11h e das 13h \u00e0s 17h.</p>", "author_name": "", "version": "1.0", "author_url": "https://www.garca.sp.leg.br/author/fabiano.silva", "provider_name": "C\u00e2mara Municipal de Gar\u00e7a", "type": "rich"}