{"provider_url": "https://www.garca.sp.leg.br", "title": "Posse dos eleitos", "html": "<p align=\"left\" class=\"western\" style=\"text-align: justify; \"><span>A Sess\u00e3o </span><span>Solene </span><span>de Instala\u00e7\u00e3o d</span><span>a 21\u00aa</span><span> Legislatura e Elei\u00e7\u00e3o da Mesa Diretora e Comiss\u00f5es Permanentes foi realizada na manh\u00e3 do dia 1\u00ba de janeiro na Sala \"Miguel M\u00f4nico\" do Teatro Municipal de Gar\u00e7a.</span></p>\r\n<p align=\"left\" class=\"western\" style=\"text-align: justify; \"><span>A cerim\u00f4nia solene que deu posse aos </span><span>V</span><span>ereadores foi presidida pelo </span><span>Edil</span><span> mais votado</span><span> nas elei\u00e7\u00f5es municipais de 2024</span><span>, Adhemar Kemp Marcondes de Moura Filho. </span><span>Nesta ocasi\u00e3o, t</span><span>omaram posse os vereadores: Adhemar Kemp Marcondes de Moura Filho (Republicanos), Elaine Oliveira (PSD), Leandro Marino (NOVO), Lico (PP), Luizinho Barbeiro (PRD), Marcelo Miranda (MDB), Marcelo Zanoti (PODE), Marquinho Moreira (Republicanos), Paulo Andr\u00e9 Faneco (NOVO), Pedro Santos (PL), Raquel Sartori (PL), Sargento Neri (PL)</span><span> e </span><span>Verinha Venda Seca (DC).</span></p>\r\n<p align=\"left\" class=\"western\" style=\"text-align: justify; \">O Prefeito eleito, Jos\u00e9 Alcides Faneco (PL)<span>,</span> foi empossado em seu cargo, juntamente com a Vice-Prefeita eleit<span>a</span>, Patr\u00edcia Marang\u00e3o (<span>NOVO</span>).</p>\r\n<p align=\"left\" class=\"western\" style=\"text-align: justify; \"><span>No decorrer da solenidade</span>, os eleitos prestaram o compromisso oficial, entregaram suas declara\u00e7\u00f5es p\u00fablicas de bens e assinaram os respectivos termos de posse.</p>\r\n<p align=\"left\" class=\"western\" style=\"text-align: justify; \"><span>Os Vereadores, o </span>Prefeito<span> e</span> <span>a </span>Vice-Prefeit<span>a</span> fizeram uso da palavra, <span>a fim de prestar </span>seus agradecimentos e considera\u00e7\u00f5es iniciais, <span>cujo teor</span> pode ser acompanhado CLICANDO AQUI.</p>\r\n<p align=\"left\" class=\"western\" style=\"text-align: justify; \">Houve a transmiss\u00e3o da Sess\u00e3o pelos perfis oficiais da C\u00e2mara Municipal de Gar\u00e7a no YouTube e <span>n</span>o Facebook.</p>", "author_name": "", "version": "1.0", "author_url": "https://www.garca.sp.leg.br/author/fabiano.silva", "provider_name": "C\u00e2mara Municipal de Gar\u00e7a", "type": "rich"}