{"provider_url": "https://www.garca.sp.leg.br", "title": "Per\u00edodo Eleitoral", "html": "<p style=\"text-align: justify; \">A Mesa Diretora da C\u00e2mara Municipal de Gar\u00e7a, atrav\u00e9s do Ato da Mesa n\u00ba 10/2024 e em respeito \u00e0 legisla\u00e7\u00e3o eleitoral, suspender\u00e1 as transmiss\u00f5es das sess\u00f5es plen\u00e1rias, audi\u00eancias p\u00fablicas e reuni\u00f5es de comiss\u00f5es, bem como algumas informa\u00e7\u00f5es do s\u00edtio eletr\u00f4nico oficial e das redes sociais do Legislativo, at\u00e9 a divulga\u00e7\u00e3o do resultado das Elei\u00e7\u00f5es de 2024.</p>\r\n<p style=\"text-align: justify; \">Essa medida atende recomenda\u00e7\u00e3o do Minist\u00e9rio P\u00fablico Eleitoral, respons\u00e1vel pela propaganda eleitoral respectiva, para que tais servi\u00e7os sejam cessados durante o per\u00edodo eleitoral, at\u00e9 a declara\u00e7\u00e3o de todos os eleitos.</p>\r\n<p style=\"text-align: justify; \">O per\u00edodo eleitoral imp\u00f5e ao agente p\u00fablico algumas restri\u00e7\u00f5es, em especial nos tr\u00eas meses que antecedem o pleito eleitoral. A medida tem o objetivo de n\u00e3o afetar a igualdade de oportunidades entre candidatos.</p>\r\n<p style=\"text-align: justify; \">Dessa forma, a partir do dia 6 de julho, a C\u00e2mara de Gar\u00e7a estar\u00e1 em estrita observ\u00e2ncia \u00e0 lei e demais normas eleitorais, em especial no que tange \u00e0 publicidade\u00a0da\u00a0Edilidade.</p>\r\n<p>\u00a0</p>\r\n<p><a title=\"\" href=\"https://www.garca.sp.leg.br/imagensnoticias/2024/ato_da_mesa_20240010.pdf\" class=\"internal-link\" target=\"_blank\">Ato da Mesa 010/2024</a></p>\r\n<p><a title=\"\" href=\"https://www.garca.sp.leg.br/imagensnoticias/2024/ato_da_mesa_20240010.pdf\" class=\"internal-link\" target=\"_blank\"><img src=\"https://www.garca.sp.leg.br/imagens/copy_of_pdf.png\" alt=\"PDF Download\" class=\"image-inline\" title=\"PDF Download\" /></a></p>\r\n<p>\u00a0<iframe src=\"https://www.youtube.com/embed/Awv_5GYgVig\" title=\"Per\u00edodo Eleitoral\" width=\"420\" height=\"250\" allowfullscreen=\"\" frameborder=\"0\" style=\"\"></iframe></p>", "author_name": "Presid\u00eancia", "version": "1.0", "author_url": "https://www.garca.sp.leg.br/author/Presid\u00eancia", "provider_name": "C\u00e2mara Municipal de Gar\u00e7a", "type": "rich"}