{"provider_url": "https://www.garca.sp.leg.br", "title": "Ordem do Dia contou com apenas um item em pauta.", "html": "<p style=\"text-align: justify; \">Estava previsto para a 24\u00aa Sess\u00e3o Ordin\u00e1ria da C\u00e2mara Municipal de Gar\u00e7a, realizada nesta segunda-feira (11/08), o Projeto de Lei n\u00ba 50/2025, de autoria dos vereadores Luizinho Barbeiro e Raquel Sartori, que propunha dar o nome de \"Pa\u00e7o Legislativo Vereador Adamir Maur\u00edcio de Barros\" ao edif\u00edcio sede da C\u00e2mara.</p>\r\n<p style=\"text-align: justify; \">No entanto, o projeto foi retirado de tramita\u00e7\u00e3o pelos pr\u00f3prios autores, antes de ser submetido \u00e0 discuss\u00e3o e vota\u00e7\u00e3o em plen\u00e1rio. Com isso, a mat\u00e9ria foi retirada da pauta da ordem do dia, conforme previsto no Regimento Interno.</p>\r\n<p class=\"p\" style=\"text-align: justify; \">Para mais informa\u00e7\u00f5es, acesse o site oficial da C\u00e2mara de Gar\u00e7a e confira na \u00edntegra as mat\u00e9rias da presente sess\u00e3o atrav\u00e9s do link: \u00a0<a href=\"https://sapl.garca.sp.leg.br/sessao/pesquisar-sessao?data_inicio__year=2025\"><span>https://sapl.garca.sp.leg.br/sessao/pesquisar-sessao?data_inicio__year=2025</span></a><span>.</span></p>\r\n<p class=\"p\" style=\"text-align: justify; \"><span><img src=\"https://www.garca.sp.leg.br/imagensnoticias/2025/copy12_of_Fotosparaosite.png/@@images/8eb476e6-4f28-43ce-a4a5-f8f28bf10533.png\" alt=\"\" class=\"image-inline\" title=\"\" /></span></p>", "author_name": "", "version": "1.0", "author_url": "https://www.garca.sp.leg.br/author/fabiano.silva", "provider_name": "C\u00e2mara Municipal de Gar\u00e7a", "type": "rich"}