{"provider_url": "https://www.garca.sp.leg.br", "title": "MESA DIRETORA", "html": "<p><span>Encerraram-se nesta quinta-feira, 26 de dezembro, as inscri\u00e7\u00f5es para os Vereadores que desejarem concorrer aos cargos da Mesa Diretora da C\u00e2mara Municipal de Gar\u00e7a, relativamente ao 1\u00ba bi\u00eanio (2025-2026) da 21\u00aa Legislatura.</span></p>\r\n<p>A Chapa n\u00ba 1 \u00e9 encabe\u00e7ada por Raquel Sartori (PL), candidata \u00e0 presid\u00eancia do Legislativo, e tem como integrantes Leandro Marino (NOVO), candidato a Vice-Presidente, Paulo Andr\u00e9 Faneco (NOVO), candidato a 1\u00ba Secret\u00e1rio, e Luizinho Barbeiro (PRD), candidato a 2\u00ba Secret\u00e1rio.</p>\r\n<p>Al\u00e9m disso, duas candidaturas individuais foram registradas para o cargo de Presidente: Marcelo Miranda (MDB) e Marquinho Moreira (Republicanos).</p>\r\n<p>O Regimento Interno da C\u00e2mara possibilita o registro de chapas completas para todos os cargos da Mesa, ou, individualmente, candidaturas avulsas para cargos espec\u00edficos.</p>\r\n<p>A elei\u00e7\u00e3o est\u00e1 marcada para o dia 1\u00ba de janeiro de 2025, logo ap\u00f3s a Sess\u00e3o Solene de Instala\u00e7\u00e3o da 21\u00aa Legislatura, com in\u00edcio \u00e0s 10h.</p>\r\n<p>Al\u00e9m da elei\u00e7\u00e3o da Mesa Diretora, a Sess\u00e3o Preparat\u00f3ria tamb\u00e9m definir\u00e1 as Comiss\u00f5es Permanentes para o pr\u00f3ximo bi\u00eanio (2025-2026). A C\u00e2mara Municipal de Gar\u00e7a conta com quatro comiss\u00f5es:</p>\r\n<p>Comiss\u00e3o de Constitui\u00e7\u00e3o, Justi\u00e7a e Reda\u00e7\u00e3o (CCJR);<br />Comiss\u00e3o de Or\u00e7amento, Finan\u00e7as, Contabilidade, Obras e Servi\u00e7os P\u00fablicos (COFCOSP);<br />Comiss\u00e3o de Sa\u00fade, Educa\u00e7\u00e3o e Assuntos Sociais (CSEAS); e<br />Comiss\u00e3o de Planejamento, Uso, Ocupa\u00e7\u00e3o e Parcelamento de Solo (CPUOPS).</p>\r\n<p>O evento ser\u00e1 aberto ao p\u00fablico, a partir das 10h, e realizado na sala \"Miguel M\u00f4nico\" do Teatro Municipal de Gar\u00e7a, sito \u00e0 Avenida Dr. Rafael Paes de\u00a0Barros,\u00a0n\u00ba\u00a0550.</p>", "author_name": "", "version": "1.0", "author_url": "https://www.garca.sp.leg.br/author/fabiano.silva", "provider_name": "C\u00e2mara Municipal de Gar\u00e7a", "type": "rich"}