{"provider_url": "https://www.garca.sp.leg.br", "title": "Lideran\u00e7as e Comiss\u00f5es", "html": "<p align=\"left\" class=\"western\" style=\"text-align: justify; \"><span>Atendendo dispositivo regimental, as bancadas tiveram que apresentar os seus l\u00edderes, para o bi\u00eanio 2025/2026, sendo assim apresentadas:</span></p>\r\n<p align=\"left\" class=\"western\" style=\"text-align: justify; \"><span>DC : Verinha Venda Seca</span></p>\r\n<p align=\"left\" class=\"western\" style=\"text-align: justify; \">MDB: Marcelo Miranda</p>\r\n<p align=\"left\" class=\"western\" style=\"text-align: justify; \">NOVO: Leandro Marino</p>\r\n<p align=\"left\" class=\"western\" style=\"text-align: justify; \">PL: Pedro Santos</p>\r\n<p align=\"left\" class=\"western\" style=\"text-align: justify; \">PODE: Marcelo Zanoti</p>\r\n<p align=\"left\" class=\"western\" style=\"text-align: justify; \">PP: Lico</p>\r\n<p align=\"left\" class=\"western\" style=\"text-align: justify; \">PRD: Luizinho Barbeiro</p>\r\n<p align=\"left\" class=\"western\" style=\"text-align: justify; \">PSD: Elaine Oliveira</p>\r\n<p align=\"left\" class=\"western\" style=\"text-align: justify; \">REPUBLICANOS: Adhemar Kemp Marcondes de Moura Filho</p>\r\n<p align=\"left\" class=\"western\" style=\"text-align: justify; \">\u00a0</p>\r\n<p align=\"left\" class=\"western\" style=\"text-align: justify; \"><b>Comiss\u00f5es Permanentes</b></p>\r\n<p align=\"left\" class=\"western\" style=\"text-align: justify; \">Ainda durante a Sess\u00e3o, foi realizada,<span> nos termos</span> regimenta<span>is</span>, a elei\u00e7\u00e3o dos membros das Comiss\u00f5es Permanentes da Casa para o bi\u00eanio 2025/2026, que assim ficaram compostas:</p>\r\n<p align=\"left\" class=\"western\" style=\"text-align: justify; \">Comiss\u00e3o de Constitui\u00e7\u00e3o, Justi\u00e7a e Reda\u00e7\u00e3o (CCJR):Presidente: Leandro Marino; Vice-Presidente: Verinha Venda Seca; Membro: Marquinho Moreira.</p>\r\n<p align=\"left\" class=\"western\" style=\"text-align: justify; \">Comiss\u00e3o de Or\u00e7amento, Finan\u00e7as, Contabilidade, Obras e Servi\u00e7os P\u00fablicos (COFCOSP): Presidente: Paulo Andr\u00e9 Faneco; Vice-Presidente: Luizinho Barbeiro; Membro: Adhemar Kemp Marcondes de Moura Filho.</p>\r\n<p align=\"left\" class=\"western\" style=\"text-align: justify; \">Comiss\u00e3o de Sa\u00fade, Educa\u00e7\u00e3o e Assuntos Sociais (CSEAS): Presidente: Pedro Santos; Vice-Presidente: Marcelo Zanoti; Membro: Elaine Oliveira.</p>\r\n<p align=\"left\" class=\"western\" style=\"text-align: justify; \">Comiss\u00e3o de Planejamento, Uso, Ocupa\u00e7\u00e3o e Parcelamento de Solo (CPUOPS): Presidente: Sargento Neri; Vice-Presidente: Lico; Membro: Marcelo Miranda.</p>", "author_name": "", "version": "1.0", "author_url": "https://www.garca.sp.leg.br/author/fabiano.silva", "provider_name": "C\u00e2mara Municipal de Gar\u00e7a", "type": "rich"}