{"provider_url": "https://www.garca.sp.leg.br", "title": "C\u00e2mara aprova t\u00edtulo de Cidad\u00e3o Benem\u00e9rito", "html": "<p class=\"p\" style=\"text-align: justify; \"><span>Na noite desta segunda-feira (16/06), durante a </span>20\u00aa Sess\u00e3o Ordin\u00e1ria<span>, a </span>C\u00e2mara Municipal de Gar\u00e7a aprovou<span>, em </span>discuss\u00e3o e vota\u00e7\u00e3o \u00fanicas<span>, o </span>Projeto de Decreto Legislativo n\u00ba 05/2025<span>, de autoria do vereador </span>Leandro Marino<span>, que concede o </span>T\u00edtulo de Cidad\u00e3o Benem\u00e9rito<span>\u00a0ao </span>Sr. Alaor Guerino<span>.</span></p>\r\n<p class=\"p\" style=\"text-align: justify; \">A honraria \u00e9 uma forma de reconhecer a dedica\u00e7\u00e3o, a trajet\u00f3ria de vida e os relevantes servi\u00e7os prestados por Alaor Guerino \u00e0 sociedade garcense. O t\u00edtulo ser\u00e1 entregue em sess\u00e3o solene, em data a ser definida, como forma de oficializar essa justa homenagem.</p>\r\n<p class=\"p\" style=\"text-align: justify; \">A sess\u00e3o foi transmitida ao vivo pelos canais oficiais da C\u00e2mara, reafirmando o compromisso com a valoriza\u00e7\u00e3o das pessoas que contribuem para o desenvolvimento humano e social do munic\u00edpio.</p>\r\n<p align=\"justify\" style=\"text-align: justify; \"><span>Para mais informa\u00e7\u00f5es, acesse o site oficial da C\u00e2mara de Gar\u00e7a e confira na \u00edntegra as mat\u00e9rias da presente sess\u00e3o atrav\u00e9s do link: \u00a0</span><a href=\"https://sapl.garca.sp.leg.br/sessao/pesquisar-sessao?data_inicio__year=2025\">https://sapl.garca.sp.leg.br/sessao/pesquisar-sessao?data_inicio__year=2025</a><span>.</span></p>\r\n<p align=\"justify\" style=\"text-align: justify; \"><span><img src=\"https://www.garca.sp.leg.br/imagensnoticias/2025/copy8_of_Fotosparaosite.png/@@images/410d4fa4-bb39-400f-95c1-26a66f12cc9b.png\" alt=\"\" class=\"image-inline\" title=\"\" /></span></p>", "author_name": "", "version": "1.0", "author_url": "https://www.garca.sp.leg.br/author/fabiano.silva", "provider_name": "C\u00e2mara Municipal de Gar\u00e7a", "type": "rich"}