{"provider_url": "https://www.garca.sp.leg.br", "title": "Audi\u00eancias p\u00fablicas", "html": "<p align=\"justify\" class=\"western\" style=\"text-align: justify; \"><span><span><span><span><span><span><span><span>No dia 31 de outubro, a partir das 19 horas ser\u00e3o realizadas audi\u00eancias p\u00fablicas para discuss\u00e3o de quatro mat\u00e9rias, que ser\u00e3o as seguintes: </span></span></span></span></span></span></span></span></p>\r\n<p align=\"justify\" class=\"western\" style=\"text-align: justify; \"><span>- </span><span><b>Projeto de Lei n\u00ba 129/2024, </b></span><span>de autoria do Prefeito, que a</span><span>ltera a Lei Municipal, n\u00ba 1.656/1977, que autoriza o munic\u00edpio a alienar terrenos localizados na faixa de integra\u00e7\u00e3o, mediante concorr\u00eancia p\u00fablica. (altera a natureza de lote)</span><span>; e</span></p>\r\n<p align=\"justify\" class=\"western\" style=\"text-align: justify; \">\u00a0<span>- </span><span><b>Projeto de Lei n\u00ba 139/2024, </b></span><span>de autoria do Prefeito, que </span><span>altera a natureza de utiliza\u00e7\u00e3o do lote 01, quadra B, localizado no Jardim Morumbi.</span></p>\r\n<p align=\"justify\" class=\"western\" style=\"text-align: justify; \">\u00a0<span>- </span><span><b>Projeto de Lei n\u00ba 151/2024, </b></span><span>de autoria do Prefeito, que </span><span>altera a natureza de utiliza\u00e7\u00e3o do lote 21, quadra 01, localizado no Jardim Ecoville.</span></p>\r\n<p align=\"justify\" class=\"western\" style=\"text-align: justify; \">\u00a0<span>A partir das 19h30 ser\u00e1 discutido o </span><span><b>Projeto de Lei n\u00ba 147/2024</b></span><span>, de autoria do Prefeito, que </span><span>estima a receita e fixa a despesa para o exerc\u00edcio financeiro de 2025.</span></p>\r\n<p align=\"justify\" class=\"western\" style=\"text-align: justify; \"><span>A</span><span>s</span><span> audi\u00eancia</span><span>s</span><span> ser</span><span>\u00e3o</span><span> realizada</span><span>s</span><span> na sede do Poder Legislativo, localizada na Rua Bar\u00e3o do Rio Branco, 127/131 \u2013 Centro, podendo ainda ser acompanhada p</span><span>elo site e redes sociais oficiais da C\u00e2mara e atrav\u00e9s do portal e-democracia </span><span>no endere\u00e7o eletr\u00f4nico: </span><span><a href=\"https://edemocracia.garca.sp.leg.br./\">https://edemocracia.garca.sp.leg.br.</a></span></p>\r\n<p align=\"justify\" class=\"western\" style=\"text-align: justify; \"><span>Os interessados poder\u00e3o participar da</span><span>s</span><span> </span><span>a</span><span>udi\u00eancia</span><span>s</span><span>, devendo preencher formul\u00e1rio de inscri\u00e7\u00e3o de oradores junto \u00e0 Secretaria da Casa, durante o evento.</span></p>", "author_name": "", "version": "1.0", "author_url": "https://www.garca.sp.leg.br/author/fabiano.silva", "provider_name": "C\u00e2mara Municipal de Gar\u00e7a", "type": "rich"}