{"provider_url": "https://www.garca.sp.leg.br", "title": "Audi\u00eancia P\u00fablica", "html": "<p align=\"justify\" style=\"text-align: justify; \">A <b>C\u00c2MARA MUNICIPAL DE GAR\u00c7A</b>, por interm\u00e9dio da Comiss\u00e3o de Sa\u00fade, Educa\u00e7\u00e3o e Assuntos Sociais (CSEAS), <b>CONVIDA</b>\u00a0a comunidade em geral para participar de <b>AUDI\u00caNCIA P\u00daBLICA</b>\u00a0destinada a discutir sobre <b>a falta de medicamentos para distribui\u00e7\u00e3o aos pacientes da rede municipal de Sa\u00fade. </b></p>\r\n<p align=\"justify\" style=\"text-align: justify; \"><span>A audi\u00eancia ser\u00e1 realizada na data de </span><b>04 de setembro</b><b>\u00a02025, a partir das 19h,</b><span>\u00a0e poder\u00e1 ser acompanhada pelo site, redes sociais oficiais da C\u00e2mara.</span></p>\r\n<p align=\"justify\" style=\"text-align: justify; \"><span>Os interessados poder\u00e3o participar da referida Audi\u00eancia, devendo preencher formul\u00e1rio de inscri\u00e7\u00e3o de oradores junto \u00e0 Secretaria da Casa, durante o evento.\u00a0</span></p>", "author_name": "", "version": "1.0", "author_url": "https://www.garca.sp.leg.br/author/fabiano.silva", "provider_name": "C\u00e2mara Municipal de Gar\u00e7a", "type": "rich"}