{"provider_url": "https://www.garca.sp.leg.br", "title": "Audi\u00eancia P\u00fablica", "html": "<p align=\"justify\" style=\"text-align: justify; \">A C\u00c2MARA MUNICIPAL DE GAR\u00c7A, por interm\u00e9dio de sua Presidente, CONVIDA\u00a0a comunidade em geral para participar de AUDI\u00caNCIA P\u00daBLICA\u00a0destinada a discutir sobre as seguintes mat\u00e9rias:</p>\r\n<p align=\"justify\" style=\"text-align: justify; \"><span>- </span>Projeto de Lei n\u00ba 54/2025, <span>de autoria do Prefeito</span>, <span>disp\u00f5e sobre o Plano Plurianual do munic\u00edpio de Gar\u00e7a para o quadri\u00eanio 2026-2029 e d\u00e1 outras provid\u00eancias; e</span></p>\r\n<p align=\"justify\" style=\"text-align: justify; \"><span>- </span>Projeto de Lei n\u00ba 55/2025, <span>de autoria do Prefeito, disp\u00f5e sobre as diretrizes or\u00e7ament\u00e1rias para elabora\u00e7\u00e3o da Lei Or\u00e7ament\u00e1ria Anual de 2026, e d\u00e1 outras provid\u00eancias.</span></p>\r\n<p align=\"justify\" style=\"text-align: justify; \"><span>A audi\u00eancia ser\u00e1 realizada na data de </span>26 de agosto\u00a02025, a partir das 19h,<span>\u00a0e poder\u00e1 ser acompanhada pelo site, redes sociais oficiais da C\u00e2mara.</span></p>\r\n<p align=\"justify\" style=\"text-align: justify; \"><span>Os interessados poder\u00e3o participar da referida Audi\u00eancia, devendo preencher formul\u00e1rio de inscri\u00e7\u00e3o de oradores junto \u00e0 Secretaria da Casa, durante o evento.\u00a0</span></p>", "author_name": "", "version": "1.0", "author_url": "https://www.garca.sp.leg.br/author/fabiano.silva", "provider_name": "C\u00e2mara Municipal de Gar\u00e7a", "type": "rich"}