{"provider_url": "https://www.garca.sp.leg.br", "title": "Audi\u00eancia P\u00fablica", "html": "<p align=\"justify\" class=\"western\" style=\"text-align: justify; \"><span><span><span>A </span></span></span><span><span><span><b>C\u00c2MARA MUNICIPAL DE GAR\u00c7A</b></span></span></span><span><span><span>, por interm\u00e9dio </span></span></span><span><span><span><span>de seu Presidente</span></span></span></span><span><span><span>, </span></span></span><span><span><span><b>CONVIDA</b></span></span></span><span><span><span> a comunidade em geral para participar de </span></span></span><span><span><span><b>AUDI\u00caNCIA P\u00daBLICA</b></span></span></span><span><span><span> destinada a </span></span></span><span><span><span><span>discutir sobre o seguintes projeto:</span></span></span></span></p>\r\n<p align=\"justify\" class=\"western\" style=\"text-align: justify; \"><span><span><span><span>- </span></span></span></span><span><span><span><span><b>Projeto de Lei n\u00ba 166/2024, </b></span></span></span></span><span><span><span><span>de autoria do Prefeito, que </span></span></span></span><span><span><span><span>altera a natureza de utiliza\u00e7\u00e3o do lote 394, quadra 14, localizado no bairro Jardim Imperador - Rua Pedro Matuliones, n\u00ba 72.</span></span></span></span></p>\r\n<p align=\"justify\" class=\"western\" style=\"text-align: justify; \"><span><span><span>A audi\u00eancia ser\u00e1 realizada na data de </span></span></span><span><span><span><span><b>26 </b></span></span></span></span><span><span><span><b>d</b></span></span></span><span><span><span><b>e</b></span></span></span><span><span><span><span><b> </b></span></span></span></span><span><span><span><span><b>novembro</b></span></span></span></span><span><span><span><span><b> </b></span></span></span></span><span><span><span><b>de 202</b></span></span></span><span><span><span><span><b>4</b></span></span></span></span><span><span><span><b>, a partir das </b></span></span></span><span><span><span><span><b>19h</b></span></span></span></span><span><span><span><b>,</b></span></span></span><span><span><span> e poder\u00e1 ser acompanhada </span></span></span><span><span><span><span>pelo site, redes sociais oficiais da C\u00e2mara e atrav\u00e9s do portal e-democracia </span></span></span></span><span><span>no endere\u00e7o eletr\u00f4nico: https://edemocracia.garca.sp.leg.br.</span></span></p>\r\n<p align=\"justify\" class=\"western\" style=\"text-align: justify; \"><span><span><span>Os interessados poder\u00e3o </span></span></span><span><span><span><span>participar da referida Audi\u00eancia, devendo preencher formul\u00e1rio de inscri\u00e7\u00e3o de oradores junto \u00e0 Secretaria da Casa, durante o evento. </span></span></span></span></p>", "author_name": "", "version": "1.0", "author_url": "https://www.garca.sp.leg.br/author/fabiano.silva", "provider_name": "C\u00e2mara Municipal de Gar\u00e7a", "type": "rich"}