{"provider_url": "https://www.garca.sp.leg.br", "title": "38\u00aa Sess\u00e3o Ordin\u00e1ria de 2024", "html": "<p align=\"justify\">Na pr\u00f3xima segunda-feira, 25 de novembro, ser\u00e1 realizada a <span><span><span><span>38</span></span></span></span><span><span>\u00aa Sess\u00e3o </span></span><span><span><span>O</span></span></span><span><span>rdin\u00e1ria do ano, que contar\u00e1 com tr\u00eas mat\u00e9rias em pauta na Ordem do Dia, que ser\u00e3o as seguintes:</span></span></p>\r\n<p align=\"justify\"><span><span>A primeira \u00e9 o Projeto de Lei n\u00ba 147/2024, de autoria do Prefeito, que estima a receita e fixa a despesa para o exerc\u00edcio financeiro de 2025. *</span></span></p>\r\n<p align=\"justify\"><span><span>A segunda trata-se do Projeto de Lei n\u00ba 164/2024, de autoria do Prefeito, que disp\u00f5e sobre a denomina\u00e7\u00e3o de im\u00f3vel p\u00fablico - \u00e1rea esportiva a ser instalada na \u00e1rea institucional 1, localizada no Loteamento \"Jardim Vista Verde\", localizado no per\u00edmetro urbano do Distrito de Jafa, matr\u00edcula n\u00ba 29031 - \"Salvador de Jesus Pereira\".</span></span></p>\r\n<p align=\"justify\"><span><span>Fechando a Ordem do Dia est\u00e1 o Projeto de Lei n\u00ba 168/2024, de autoria do Prefeito, que altera o anexo III da Lei n\u00ba 5.435/2021 (PPA) e altera o anexo IIA da Lei n\u00ba 5.560/2023 (LDO), autorizando a abertura de cr\u00e9dito especial, no importe de R$ 30.000,00 (trinta mil reais), objetivando a utiliza\u00e7\u00e3o de recursos estaduais provenientes da ades\u00e3o do munic\u00edpio ao sistema estadual de desenvolvimento rural sustent\u00e1vel - Cidadania no campo e as diretrizes do Programa \"Cidadania no Campo \u2013 Munic\u00edpio Agro\", destinados \u00e0 manuten\u00e7\u00e3o e aquisi\u00e7\u00e3o de pe\u00e7as de reposi\u00e7\u00e3o para a frota dos tratores e implementos da Secretaria Municipal de Agricultura e Meio Ambiente, conforme conv\u00eanio celebrado com a Secretaria Estadual de Agricultura e Abastecimento.*</span></span></p>\r\n<p align=\"justify\"><span><span>* Os projetos 147/2024 e 168/2024 voltar\u00e3o \u00e0 pauta na sess\u00e3o extraordin\u00e1ria que ser\u00e1 realizada apos a ordin\u00e1ria.</span></span></p>\r\n<p align=\"justify\">\u00a0</p>\r\n<p align=\"justify\"><span><span><b>Projetos a serem considerados objetos de delibera\u00e7\u00e3o</b></span></span></p>\r\n<p align=\"justify\" class=\"western\"><strong><span><span><span><span>- </span></span></span></span></strong><strong><span><span><span>Projeto de Lei n\u00ba 175/2024, </span></span></span></strong><span><span><span><span>de autoria da vereadora Elaine Oliveira, que declara de utilidade p\u00fablica o \"Grupo Esp\u00edrita Fraternidade\".</span></span></span></span></p>\r\n<p align=\"justify\" class=\"western\"><strong>- Projeto de Lei Complementar n\u00ba 14/2024, </strong>de autoria do Prefeito, que altera a Lei Municipal n\u00ba 4.388, de 02 de dezembro de 2009 e altera\u00e7\u00f5es, que disp\u00f5e sobre o parcelamento do solo no munic\u00edpio de Gar\u00e7a.</p>\r\n<p align=\"justify\" class=\"western\"><span><span><span>Confira na \u00edntegra as mat\u00e9rias da presente sess\u00e3o atrav\u00e9s do link: </span></span></span><span><span><span><b>https://sapl.garca.sp.leg.br/sessao/5</b></span></span></span><span><span><span><span><b>6</b></span></span></span></span><span><span><span><span><b>31</b></span></span></span></span><span><span><span><b>.</b></span></span></span></p>", "author_name": "", "version": "1.0", "author_url": "https://www.garca.sp.leg.br/author/fabiano.silva", "provider_name": "C\u00e2mara Municipal de Gar\u00e7a", "type": "rich"}