{"provider_url": "https://www.garca.sp.leg.br", "title": "35\u00aa Sess\u00e3o Ordin\u00e1ria de 2024", "html": "<p align=\"justify\" style=\"text-align: justify; \">Vereadores aprovam por unanimidade de votos as duas mat\u00e9rias em pauta na ordem do dia da <span><span><span><span>35</span></span></span></span><span><span>\u00aa Sess\u00e3o </span></span><span><span><span>O</span></span></span><span><span>rdin\u00e1ria do ano, que foram as seguintes:</span></span></p>\r\n<p align=\"justify\" style=\"text-align: justify; \"><span><span><span>A primeira foi o Projeto de Lei n\u00ba 105/2024, de autoria do vereador Pedro Santos, que institui o Programa de Sa\u00fade Mental na rede p\u00fablica de ensino do munic\u00edpio de Gar\u00e7a e d\u00e1 outras provid\u00eancias.</span></span></span></p>\r\n<p align=\"justify\" style=\"text-align: justify; \"><span><span><span>A segunda tratou-se do Projeto de Lei n\u00ba 162/2024, de autoria do Prefeito, que altera o anexo III da Lei n\u00ba 5.435/2021 (PPA) e altera o anexo IIA da Lei n\u00ba 5.560/2023 (LDO), autorizando a abertura de cr\u00e9dito especial, no valor de R$ 188.973,17 (cento e oitenta e oito mil, novecentos e setenta e tr\u00eas reais e dezessete centavos), objetivando a abertura de dota\u00e7\u00e3o para a utiliza\u00e7\u00e3o de recursos provenientes da aliena\u00e7\u00e3o de bens e seus rendimentos financeiros, ante a inexist\u00eancia no or\u00e7amento vigente. </span></span></span></p>\r\n<p align=\"justify\" style=\"text-align: justify; \">\u00a0\u00a0</p>\r\n<p align=\"justify\" style=\"text-align: justify; \"><span><span><b>Projetos considerados objetos de delibera\u00e7\u00e3o</b></span></span></p>\r\n<p align=\"justify\" class=\"western\" style=\"text-align: justify; \"><span><span>- Projeto de Lei n\u00ba 163/2024, de autoria do Prefeito, que disp\u00f5e sobre a denomina\u00e7\u00e3o de im\u00f3vel p\u00fablico - Centro de Edu\u00e7\u00e3o e Inova\u00e7\u00e3o - CEI - \"Maria Jos\u00e9 Valsechi Conessa\".</span></span></p>\r\n<p align=\"justify\" class=\"western\" style=\"text-align: justify; \"><span><span>- Projeto de Lei n\u00ba 164/2024, de autoria do Prefeito, que disp\u00f5e sobre a denomina\u00e7\u00e3o de im\u00f3vel p\u00fablico - \u00e1rea esportiva a ser instalada na \u00e1rea institucional 1, localizada no Loteamento \"Jardim Vista Verde\", localizado no per\u00edmetro urbano do Distrito de Jafa, matr\u00edcula n\u00ba 29031 - \"Salvador de Jesus Pereira\".</span></span></p>\r\n<p align=\"justify\" class=\"western\" style=\"text-align: justify; \"><span><span>- Projeto de Lei n\u00ba 165/2024, de autoria do Prefeito, que desafeta \u00e1rea institucional 03 e 04 do loteamento denominado \"Quinta da Baronesa\", e d\u00e1 outras provid\u00eancias.</span></span></p>\r\n<p align=\"justify\" class=\"western\" style=\"text-align: justify; \"><span><span><span>Confira na \u00edntegra as mat\u00e9rias da presente sess\u00e3o atrav\u00e9s do link: </span></span></span><span><span><span><b>https://sapl.garca.sp.leg.br/sessao/5</b></span></span></span><span><span><span><span><b>627</b></span></span></span></span><span><span><span><b>.</b></span></span></span></p>", "author_name": "", "version": "1.0", "author_url": "https://www.garca.sp.leg.br/author/fabiano.silva", "provider_name": "C\u00e2mara Municipal de Gar\u00e7a", "type": "rich"}