{"provider_url": "https://www.garca.sp.leg.br", "title": "2\u00aa Sess\u00e3o Ordin\u00e1ria de 2025", "html": "<p class=\"western\" style=\"text-align: justify; \">A C\u00e2mara Municipal de Gar\u00e7a realizou, na segunda-feira, 10 de fevereiro, a 2\u00aa Sess\u00e3o Ordin\u00e1ria de 2025, dando continuidade aos trabalhos legislativos da 21\u00aa Legislatura.</p>\r\n<p class=\"western\" style=\"text-align: justify; \">A pauta da sess\u00e3o contou com um \u00fanico item, rejeitado por unanimidade de votos que foi o Veto ao Projeto de Lei n\u00ba 105/2024, de autoria do vereador Pedro Santos, que institui o Programa de Sa\u00fade Mental na rede p\u00fablica de ensino do munic\u00edpio de Gar\u00e7a e d\u00e1 outras provid\u00eancias.</p>\r\n<p class=\"western\" style=\"text-align: justify; \">Confira na \u00edntegra as mat\u00e9rias da presente sess\u00e3o atrav\u00e9s do link: <a href=\"https://sapl.garca.sp.leg.br/sessao/pesquisar-sessao?data_inicio__year=2025\">https://sapl.garca.sp.leg.br/sessao/pesquisar-sessao?data_inicio__year=2025</a></p>\r\n<p class=\"western\" style=\"text-align: justify; \"><span><span><span><span><img src=\"https://www.garca.sp.leg.br/imagensnoticias/2025/copy_of_3.png/@@images/2566a05f-3a8b-47f2-badc-fbac41c793f0.png\" alt=\"\" class=\"image-inline\" title=\"\" /></span></span></span></span></p>", "author_name": "", "version": "1.0", "author_url": "https://www.garca.sp.leg.br/author/fabiano.silva", "provider_name": "C\u00e2mara Municipal de Gar\u00e7a", "type": "rich"}