{"provider_url": "https://www.garca.sp.leg.br", "title": "2\u00aa Sess\u00e3o Ordin\u00e1ria de 2025", "html": "<p align=\"left\" class=\"western\" style=\"text-align: justify; \">A C\u00e2mara Municipal de Gar\u00e7a realizar\u00e1, na pr\u00f3xima segunda-feira, 10 de fevereiro, a 2\u00aa Sess\u00e3o Ordin\u00e1ria de 2025, dando continuidade aos trabalhos legislativos da 21\u00aa Legislatura.</p>\r\n<p class=\"western\" style=\"text-align: justify; \">A pauta da sess\u00e3o contar\u00e1 com um \u00fanico item, que ser\u00e1 analisado em regime de adiamento:</p>\r\n<p class=\"western\" style=\"text-align: justify; \">ITEM \u00daNICO \u2013 Veto ao Projeto de Lei n\u00ba 105/2024, de autoria do vereador Pedro Santos, que institui o Programa de Sa\u00fade Mental na rede p\u00fablica de ensino do munic\u00edpio de Gar\u00e7a e d\u00e1 outras provid\u00eancias.</p>\r\n<p class=\"western\" style=\"text-align: justify; \">O veto ao projeto seguir\u00e1 o rito legislativo e ser\u00e1 discutido pelos vereadores em momento oportuno.</p>\r\n<p class=\"western\" style=\"text-align: justify; \">A sess\u00e3o ser\u00e1 realizada a partir das 17h15, no plen\u00e1rio da C\u00e2mara Municipal, e ser\u00e1 aberta ao p\u00fablico, com transmiss\u00e3o ao vivo pelos canais oficiais do Legislativo.</p>\r\n<p align=\"left\" class=\"western\" style=\"text-align: justify; \">Confira na \u00edntegra as mat\u00e9rias da presente sess\u00e3o atrav\u00e9s do link: <a href=\"https://sapl.garca.sp.leg.br/sessao/pesquisar-sessao?data_inicio__year=2025\">https://sapl.garca.sp.leg.br/sessao/pesquisar-sessao?data_inicio__year=2025</a></p>\r\n<p align=\"justify\" class=\"western\">\u00a0</p>", "author_name": "", "version": "1.0", "author_url": "https://www.garca.sp.leg.br/author/fabiano.silva", "provider_name": "C\u00e2mara Municipal de Gar\u00e7a", "type": "rich"}