{"provider_url": "https://www.garca.sp.leg.br", "title": "24\u00aa Sess\u00e3o Ordin\u00e1ria ter\u00e1 uma mat\u00e9ria em pauta", "html": "<p class=\"p\" style=\"text-align: justify; \">Na 24\u00aa Sess\u00e3o Ordin\u00e1ria de 2025, marcada para segunda-feira, 11 de agosto, a partir das 18h, os vereadores da C\u00e2mara Municipal de Gar\u00e7a ir\u00e3o analisar o Projeto de Lei n\u00ba 50/2025, de autoria dos parlamentares Luizinho Barbeiro e Raquel Sartori. A proposta trata da denomina\u00e7\u00e3o oficial do pr\u00e9dio sede do Legislativo Municipal.</p>\r\n<p class=\"p\" style=\"text-align: justify; \">Se aprovado, o novo edif\u00edcio passar\u00e1 a se chamar \"Pa\u00e7o Legislativo Vereador Adamir Maur\u00edcio de Barros\", em homenagem ao ex-parlamentar que marcou sua trajet\u00f3ria pol\u00edtica com atua\u00e7\u00e3o dedicada \u00e0 cidade. O projeto ser\u00e1 apreciado em discuss\u00e3o e vota\u00e7\u00e3o \u00fanicas, conforme os pareceres das Comiss\u00f5es Permanentes da Casa. A sess\u00e3o \u00e9 aberta ao p\u00fablico e ser\u00e1 transmitida ao vivo pelos canais oficiais da C\u00e2mara.</p>\r\n<p align=\"justify\" style=\"text-align: justify; \">Para mais informa\u00e7\u00f5es, acesse o site oficial da C\u00e2mara de Gar\u00e7a e confira na \u00edntegra as mat\u00e9rias da presente sess\u00e3o atrav\u00e9s do link: \u00a0<a href=\"https://sapl.garca.sp.leg.br/sessao/pesquisar-sessao?data_inicio__year=2025\">https://sapl.garca.sp.leg.br/sessao/pesquisar-sessao?data_inicio__year=2025</a></p>", "author_name": "", "version": "1.0", "author_url": "https://www.garca.sp.leg.br/author/fabiano.silva", "provider_name": "C\u00e2mara Municipal de Gar\u00e7a", "type": "rich"}