{"provider_url": "https://www.garca.sp.leg.br", "title": "1\u00aa Sess\u00e3o Ordin\u00e1ria", "html": "<p class=\"western\">Na \u00faltima segunda-feira, 03 de fevereiro, a C\u00e2mara Municipal de Gar\u00e7a realizou a 1\u00aa Sess\u00e3o Ordin\u00e1ria da 21\u00aa Legislatura. A pauta contou com a vota\u00e7\u00e3o de um veto do Executivo e a elei\u00e7\u00e3o da Corregedoria e do Conselho de \u00c9tica e Decoro Parlamentar.</p>\r\n<h3 class=\"western\">Vota\u00e7\u00e3o do veto ao Projeto de Lei n\u00ba 138/2024</h3>\r\n<p class=\"western\">A \u00fanica mat\u00e9ria deliberada em plen\u00e1rio foi o Veto ao Projeto de Lei n\u00ba 138/2024, de autoria do Prefeito, que trata da instala\u00e7\u00e3o de sistemas de capta\u00e7\u00e3o de energia solar e de capta\u00e7\u00e3o, armazenamento e utiliza\u00e7\u00e3o de \u00e1guas pluviais em novas edifica\u00e7\u00f5es p\u00fablicas municipais. O veto foi aprovado por unanimidade pelos parlamentares.</p>\r\n<h3 class=\"western\">Elei\u00e7\u00e3o da Corregedoria e do Conselho de \u00c9tica</h3>\r\n<p class=\"western\">Durante a sess\u00e3o, os trabalhos foram suspensos para a realiza\u00e7\u00e3o da elei\u00e7\u00e3o do Corregedor e Vice-Corregedor, bem como a defini\u00e7\u00e3o da composi\u00e7\u00e3o do Conselho de \u00c9tica e Decoro Parlamentar da Casa de Leis.</p>\r\n<p class=\"western\">Foi registrada apenas uma chapa para a Corregedoria, composta pelos vereadores Sargento Neri (Corregedor) e Leandro Marino (Vice-Corregedor). Ap\u00f3s a vota\u00e7\u00e3o, a chapa foi aprovada por unanimidade, consolidando ambos os parlamentares nos respectivos cargos.</p>\r\n<p class=\"western\">J\u00e1 a composi\u00e7\u00e3o do Conselho de \u00c9tica e Decoro Parlamentar ficou definida da seguinte forma:<br /> \ud83d\udd39 Presidente: Vereador Lico<br /> \ud83d\udd39 Membros: Vereadores Paulo Andr\u00e9 Faneco e Marcelo Miranda</p>\r\n<p class=\"western\">A sess\u00e3o marcou o in\u00edcio dos trabalhos legislativos do ano, refor\u00e7ando o compromisso da C\u00e2mara Municipal com a transpar\u00eancia e a organiza\u00e7\u00e3o interna do Legislativo.</p>\r\n<p align=\"justify\" class=\"western\"><span><span><span>Confira na \u00edntegra as mat\u00e9rias da presente sess\u00e3o atrav\u00e9s do link: </span></span></span> <span><span><a href=\"https://sapl.garca.sp.leg.br/sessao/pesquisar-sessao?data_inicio__year=2025\">https://sapl.garca.sp.leg.br/sessao/pesquisar-sessao?data_inicio__year=2025</a></span></span></p>\r\n<p align=\"justify\" class=\"western\"><img src=\"https://www.garca.sp.leg.br/imagensnoticias/2025/3.png/@@images/546c402b-02a5-40dd-b781-7285dd89548f.png\" alt=\"\" class=\"image-inline\" title=\"\" /></p>", "author_name": "", "version": "1.0", "author_url": "https://www.garca.sp.leg.br/author/fabiano.silva", "provider_name": "C\u00e2mara Municipal de Gar\u00e7a", "type": "rich"}