{"provider_url": "https://www.garca.sp.leg.br", "title": "1\u00aa Sess\u00e3o Ordin\u00e1ria", "html": "<p align=\"justify\" class=\"western\" style=\"text-align: justify; \">Na pr\u00f3xima segunda-feira, 03 de fevereiro, \u00e0s 17h15, a C\u00e2mara Municipal de Gar\u00e7a realizar\u00e1 a 1\u00aa Sess\u00e3o Ordin\u00e1ria da 21\u00aa Legislatura. A pauta da sess\u00e3o contar\u00e1 com um \u00fanico item:</p>\r\n<p class=\"western\" style=\"text-align: justify; \">ITEM \u00daNICO \u2013 Veto ao Projeto de Lei n\u00ba 138/2024, de autoria do Prefeito, que disp\u00f5e sobre a instala\u00e7\u00e3o de sistemas de capta\u00e7\u00e3o de energia solar e de capta\u00e7\u00e3o, armazenamento e utiliza\u00e7\u00e3o de \u00e1guas pluviais nas constru\u00e7\u00f5es de novos pr\u00e9dios p\u00fablicos municipais.</p>\r\n<p class=\"western\" style=\"text-align: justify; \">O veto ao projeto ser\u00e1 analisado e votado pelos vereadores, que decidir\u00e3o pela sua manuten\u00e7\u00e3o ou derrubada.</p>\r\n<p class=\"western\" style=\"text-align: justify; \">A sess\u00e3o ser\u00e1 aberta ao p\u00fablico e transmitida ao vivo pelos canais oficiais da C\u00e2mara Municipal de Gar\u00e7a. Acompanhe e fique por dentro das decis\u00f5es que impactam o munic\u00edpio!</p>\r\n<p align=\"justify\" class=\"western\" style=\"text-align: justify; \">Confira na \u00edntegra as mat\u00e9rias da presente sess\u00e3o atrav\u00e9s do link: <a href=\"https://sapl.garca.sp.leg.br/sessao/pesquisar-sessao?data_inicio__year=2025\">https://sapl.garca.sp.leg.br/sessao/pesquisar-sessao?data_inicio__year=2025</a></p>\r\n<p align=\"justify\" class=\"western\" style=\"text-align: justify; \">\u00a0</p>", "author_name": "", "version": "1.0", "author_url": "https://www.garca.sp.leg.br/author/fabiano.silva", "provider_name": "C\u00e2mara Municipal de Gar\u00e7a", "type": "rich"}