{"provider_url": "https://www.garca.sp.leg.br", "title": "1\u00aa Sess\u00e3o Extraordin\u00e1ria de 2025", "html": "<p align=\"justify\" class=\"western\" style=\"text-align: justify; \">Na manh\u00e3 desta segunda-feira,<strong> 29 de janeiro,</strong> a C\u00e2mara Municipal de Gar\u00e7a realizou sua 1\u00aa Sess\u00e3o Extraordin\u00e1ria de 2025, marcando um momento hist\u00f3rico com a implanta\u00e7\u00e3o oficial do sistema de vota\u00e7\u00e3o eletr\u00f4nica.</p>\r\n<p class=\"western\" style=\"text-align: justify; \">Antes da sess\u00e3o, os vereadores participaram de um treinamento t\u00e9cnico e simula\u00e7\u00e3o da vota\u00e7\u00e3o, garantindo a adapta\u00e7\u00e3o ao novo sistema, que visa modernizar, agilizar e tornar mais transparente o processo legislativo.</p>\r\n<p class=\"western\" style=\"text-align: justify; \">A sess\u00e3o tamb\u00e9m deu in\u00edcio aos trabalhos da nova legislatura, com a <strong>aprova\u00e7\u00e3o un\u00e2nime de cinco mat\u00e9rias</strong> de grande relev\u00e2ncia para o munic\u00edpio. Confira os itens aprovados:</p>\r\n<p class=\"western\" style=\"text-align: justify; \">\u2705 <strong>ITEM I</strong> \u2013 <strong>Projeto de Lei n\u00ba 03/2025</strong>, de autoria do Prefeito, que disp\u00f5e sobre a concess\u00e3o do <strong>aux\u00edlio-alimenta\u00e7\u00e3o aos servidores p\u00fablicos municipais</strong> ativos da administra\u00e7\u00e3o direta e indireta do munic\u00edpio de Gar\u00e7a.</p>\r\n<p class=\"western\" style=\"text-align: justify; \">\u2705 <strong>ITEM II</strong> \u2013 <strong>Projeto de Lei Complementar n\u00ba 01/2025</strong>, de autoria do Prefeito, que trata da <strong>revis\u00e3o geral anual e da valoriza\u00e7\u00e3o dos servidores p\u00fablicos municipais</strong>.</p>\r\n<p class=\"western\" style=\"text-align: justify; \">\u2705 <strong>ITEM III</strong> \u2013 <strong>Projeto de Lei Complementar n\u00ba 02/2025</strong>, de autoria do Prefeito, que disp\u00f5e sobre a <strong>revis\u00e3o geral anual e valoriza\u00e7\u00e3o da carreira do Magist\u00e9rio P\u00fablico</strong> do munic\u00edpio.</p>\r\n<p class=\"western\" style=\"text-align: justify; \">\u2705 <strong>ITEM IV</strong> \u2013 <strong>Projeto de Lei n\u00ba 02/2025</strong>, de autoria da <strong>Mesa Diretora</strong>, que estabelece a <strong>revis\u00e3o geral anual e medidas de valoriza\u00e7\u00e3o dos servidores do Poder Legislativo</strong>.</p>\r\n<p class=\"western\" style=\"text-align: justify; \">\u2705 <strong>ITEM V</strong> \u2013 <strong>Projeto de Resolu\u00e7\u00e3o n\u00ba 01/2025</strong>, de autoria da vereadora <strong>Raquel Sartori</strong>, que promove altera\u00e7\u00f5es nas Resolu\u00e7\u00f5es <strong>365/2017</strong> e <strong>386/2020</strong>, aprimorando os procedimentos de <strong>reda\u00e7\u00e3o final, expedi\u00e7\u00e3o de aut\u00f3grafos e chancela eletr\u00f4nica</strong>.</p>\r\n<p class=\"western\" style=\"text-align: justify; \">A presidente da Casa, <strong>vereadora Raquel Sartori</strong>, destacou a import\u00e2ncia da moderniza\u00e7\u00e3o do Legislativo: <em>\"A implanta\u00e7\u00e3o do sistema eletr\u00f4nico de vota\u00e7\u00e3o \u00e9 um avan\u00e7o significativo para a transpar\u00eancia e agilidade dos trabalhos da C\u00e2mara. Com essa inova\u00e7\u00e3o, garantimos mais efici\u00eancia e acessibilidade ao nosso processo legislativo.\"</em></p>\r\n<p class=\"western\" style=\"text-align: justify; \">A C\u00e2mara Municipal de Gar\u00e7a segue comprometida com a inova\u00e7\u00e3o e a valoriza\u00e7\u00e3o dos servidores e do servi\u00e7o p\u00fablico. Para mais informa\u00e7\u00f5es sobre os projetos aprovados, acompanhe as redes sociais e o site oficial do Legislativo.</p>\r\n<p align=\"justify\" class=\"western\" style=\"text-align: justify; \"><span><span><span>Confira na \u00edntegra as mat\u00e9rias da presente sess\u00e3o atrav\u00e9s do link: </span></span></span> <span><span><a href=\"https://sapl.garca.sp.leg.br/sessao/pesquisar-sessao?data_inicio__year=2025\">https://sapl.garca.sp.leg.br/sessao/pesquisar-sessao?data_inicio__year=2025</a></span></span></p>", "author_name": "", "version": "1.0", "author_url": "https://www.garca.sp.leg.br/author/fabiano.silva", "provider_name": "C\u00e2mara Municipal de Gar\u00e7a", "type": "rich"}