{"provider_url": "https://www.garca.sp.leg.br", "title": "1\u00aa Sess\u00e3o Extraordin\u00e1ria de 2025", "html": "<p align=\"left\" class=\"western\" style=\"text-align: justify; \">Dando in\u00edcio aos trabalhos da presente legislatura, foi convocada a primeira sess\u00e3o extraordin\u00e1ria do ano que ser\u00e1 realizada amanh\u00e3, 29/01, \u00e0s 11h30, para delibera\u00e7\u00e3o das seguintes mat\u00e9rias:</p>\r\n<p align=\"left\" class=\"western\" style=\"text-align: justify; \">\u00a0</p>\r\n<p align=\"justify\" class=\"western\" style=\"text-align: justify; \">ITEM I \u2013 Projeto de Lei n\u00ba 03/2025, de autoria do Prefeito, que disp\u00f5e sobre a concess\u00e3o do aux\u00edlio-alimenta\u00e7\u00e3o aos servidores p\u00fablicos municipais ativos da administra\u00e7\u00e3o direta e indireta do munic\u00edpio de Gar\u00e7a. Pareceres das Comiss\u00f5es Permanentes da Casa. Discuss\u00e3o e Vota\u00e7\u00e3o \u00danicas.</p>\r\n<p align=\"justify\" class=\"western\" style=\"text-align: justify; \">\u00a0</p>\r\n<p align=\"justify\" class=\"western\" style=\"text-align: justify; \">ITEM II \u2013 Projeto de Lei Complementar n\u00ba 01/2025, de autoria do Prefeito, disp\u00f5e sobre a revis\u00e3o geral anual e a ado\u00e7\u00e3o de medidas destinadas \u00e0 valoriza\u00e7\u00e3o dos servidores p\u00fablicos do munic\u00edpio de Gar\u00e7a. Pareceres das Comiss\u00f5es Permanentes da Casa. Discuss\u00e3o e Vota\u00e7\u00e3o \u00danicas.</p>\r\n<p align=\"justify\" class=\"western\" style=\"text-align: justify; \">\u00a0</p>\r\n<p align=\"justify\" class=\"western\" style=\"text-align: justify; \">ITEM III \u2013 Projeto de Lei Complementar n\u00ba 02/2025, de autoria do Prefeito, que disp\u00f5e sobre a revis\u00e3o geral anual e a ado\u00e7\u00e3o de medidas destinadas \u00e0 valoriza\u00e7\u00e3o da carreira do Magist\u00e9rio P\u00fablico do munic\u00edpio de Gar\u00e7a. Pareceres das Comiss\u00f5es Permanentes da Casa. Discuss\u00e3o e Vota\u00e7\u00e3o \u00danicas.</p>\r\n<p align=\"justify\" class=\"western\" style=\"text-align: justify; \">\u00a0</p>\r\n<p align=\"justify\" class=\"western\" style=\"text-align: justify; \">ITEM IV \u2013 Projeto de Lei n\u00ba 02/2025, de autoria da Mesa Diretora, que disp\u00f5e sobre a revis\u00e3o geral anual e a ado\u00e7\u00e3o de medidas destinadas \u00e0 valoriza\u00e7\u00e3o dos servidores do Poder Legislativo. Pareceres das Comiss\u00f5es Permanentes da Casa. Discuss\u00e3o e Vota\u00e7\u00e3o \u00danicas.</p>\r\n<p align=\"justify\" class=\"western\" style=\"text-align: justify; \">\u00a0</p>\r\n<p align=\"justify\" class=\"western\" style=\"text-align: justify; \">ITEM V \u2013 Projeto de Resolu\u00e7\u00e3o n\u00ba 01/2025, de autoria da vereadora Raquel Sartori, que altera a Resolu\u00e7\u00e3o n\u00ba 365, de 30 de maio de 2017, no tocante ao procedimento de reda\u00e7\u00e3o final e expedi\u00e7\u00e3o de aut\u00f3grafo, altera a resolu\u00e7\u00e3o n\u00ba 386, de 7 de dezembro de 2020, no tocante \u00e0 chancela eletr\u00f4nica e d\u00e1 outras provid\u00eancias. Pareceres das Comiss\u00f5es Permanentes da Casa. Discuss\u00e3o e Vota\u00e7\u00e3o \u00danicas.</p>\r\n<p align=\"justify\" class=\"western\" style=\"text-align: justify; \">\u00a0</p>\r\n<p align=\"justify\" class=\"western\" style=\"text-align: justify; \"><span><span><span>Confira na \u00edntegra as mat\u00e9rias da presente sess\u00e3o atrav\u00e9s do link: </span></span></span> <a href=\"https://sapl.garca.sp.leg.br/sessao/pesquisar-sessao?data_inicio__year=2025\">https://sapl.garca.sp.leg.br/sessao/pesquisar-sessao?data_inicio__year=2025</a></p>\r\n<p align=\"justify\" class=\"western\" style=\"text-align: justify; \">\u00a0</p>\r\n<p align=\"justify\" class=\"western\" style=\"text-align: justify; \">Acompanhe a transmiss\u00e3o ao vivo pela nossa p\u00e1gina no Facebook e em nosso canal no Youtube.</p>", "author_name": "", "version": "1.0", "author_url": "https://www.garca.sp.leg.br/author/fabiano.silva", "provider_name": "C\u00e2mara Municipal de Gar\u00e7a", "type": "rich"}