{"provider_url": "https://www.garca.sp.leg.br", "title": "Expediente", "html": "<div style=\"text-align: right; \">\r\n<div id=\"divLocalizacaoEsicFisico\">\r\n<div style=\"text-align: left; \"><span style=\"text-align: right; \">Endere\u00e7o</span></div>\r\n<div style=\"text-align: left; \"><strong><span class=\"TextoCinza\"><span class=\"TextoCinza\" style=\"text-align: right; \"><span class=\"TextoCinza\" id=\"lblEnderecoCompleto\" style=\"text-align: right; \"><a class=\"external-link\" href=\"https://goo.gl/maps/t1gA6CKiEGML2uaL7\" target=\"_blank\" title=\"Como Chegar\">Rua Bar\u00e3o do Rio Branco n\u00ba 131 - Centro - Gar\u00e7a/SP - CEP: 17400-082</a></span></span></span></strong></div>\r\n<div style=\"text-align: left; \"><strong><span class=\"TextoCinza\"><span class=\"TextoCinza\" style=\"text-align: right; \"><span class=\"TextoCinza\" style=\"text-align: right; \"><strong><span class=\"TextoCinza\"><span class=\"TextoCinza\"><a class=\"external-link\" href=\"https://goo.gl/maps/t1gA6CKiEGML2uaL7\" target=\"_blank\" title=\"Como Chegar\">22\u00ba12'40.262\"S 49\u00ba39'18.533\"W\u00a0</a></span></span></strong></span></span></span></strong></div>\r\n<div style=\"text-align: left; \"><strong><span class=\"TextoCinza\"><span class=\"TextoCinza\" style=\"text-align: right; \"><span class=\"TextoCinza\" style=\"text-align: right; \"><span class=\"TextoCinza\" style=\"text-align: right; \"><br /></span></span></span></span></strong></div>\r\n<div style=\"text-align: left; \"><strong><span class=\"TextoCinza\"><span class=\"TextoCinza\" style=\"text-align: right; \"><span class=\"TextoCinza\" style=\"text-align: right; \"><span class=\"TextoCinza\" style=\"text-align: right; \"><strong>Hor\u00e1rio de Atendimento ao P\u00fablico</strong><br />De Segunda \u00e0 Sexta-Feira<br />das 09:00h \u00e0s 11:00h - 13:00h \u00e0s 17:00h.</span></span></span></span></strong></div>\r\n<div style=\"text-align: left; \"><strong><span class=\"TextoCinza\"><span class=\"TextoCinza\" style=\"text-align: right; \"><span class=\"TextoCinza\" style=\"text-align: right; \"><span class=\"TextoCinza\" style=\"text-align: right; \"><br /></span></span></span></span></strong></div>\r\n<div style=\"text-align: left; \"></div>\r\n<div style=\"text-align: left; \"><strong>Hor\u00e1rio das Sess\u00f5es Plen\u00e1rias</strong><br /><span>Sess\u00f5es Ordin\u00e1rias, \u00e0s segundas-feiras\u00a0<br />das 18:00h \u00e0s 22:00h.</span></div>\r\n<div style=\"text-align: left; \"><span><br /></span></div>\r\n<div style=\"text-align: left; \"><span><br /></span></div>\r\n<div style=\"text-align: left; \"><strong>Nossos Canais</strong></div>\r\n<div style=\"text-align: left; \"></div>\r\n<div style=\"text-align: left; \"><span>\u00a0</span><a class=\"external-link\" href=\"https://www.youtube.com/channel/UC9fHU8c6ev02BvPBwX_v5Bw\" target=\"_blank\" title=\"Youtue C\u00e2mara Municipal de Gar\u00e7a\"><img src=\"https://www.garca.sp.leg.br/imagens/youtube.png\" alt=\"Youtube - C\u00e2mara Municipal de Gar\u00e7a\" class=\"image-inline\" title=\"\" /></a><span>\u00a0 \u00a0 \u00a0 \u00a0 \u00a0 \u00a0\u00a0</span><a class=\"external-link\" href=\"http://pt-br.facebook.com/camara.garca\" target=\"_blank\" title=\"Facebook da C\u00e2mara Municipal de Gar\u00e7a\"><img src=\"https://www.garca.sp.leg.br/imagens/facebook.png\" alt=\"Facebook - C\u00e2mara Municipal de Gar\u00e7a\" class=\"image-inline\" title=\"\" /></a><span>\u00a0 \u00a0 \u00a0 \u00a0 \u00a0</span><a class=\"external-link\" href=\"http://www.instagram.com/camaragarca\" target=\"_blank\" title=\"Instagram da C\u00e2mara Municipal de Gar\u00e7a\"><img src=\"https://www.garca.sp.leg.br/imagens/instagram.png\" alt=\"Instagram\" class=\"image-inline\" title=\"Instagram\" /></a><span>\u00a0 \u00a0 \u00a0 \u00a0 \u00a0</span><a class=\"external-link\" href=\"https://edemocracia.garca.sp.leg.br/\" target=\"_blank\" title=\"e.democracia\"><img src=\"https://www.garca.sp.leg.br/imagens/edemlogoicon.png\" alt=\"e.democracia\" title=\"e.democracia\" class=\"image-inline\" width=\"50px\" /></a><span>\u00a0 \u00a0 \u00a0 \u00a0\u00a0</span><a class=\"external-link\" href=\"https://falabr.cgu.gov.br/publico/SP/GARCA/Manifestacao/RegistrarManifestacao\" target=\"_blank\" title=\"Fala BR\"><img src=\"https://www.garca.sp.leg.br/imagens/falabr.png\" alt=\"FalaBR\" title=\"FalaBR\" class=\"image-inline\" width=\"70px\" /></a></div>\r\n<div style=\"text-align: left; \"><strong><span class=\"TextoCinza\"><span class=\"TextoCinza\" style=\"text-align: right; \"><span class=\"TextoCinza\" style=\"text-align: right; \"><span class=\"TextoCinza\" style=\"text-align: right; \"><br /></span></span></span></span></strong></div>\r\n<div style=\"text-align: left; \"><span class=\"TextoCinza\"><span class=\"TextoCinza\" style=\"text-align: right; \"><span class=\"TextoCinza\" style=\"text-align: right; \"><span class=\"TextoCinza\" style=\"text-align: right; \"><span class=\"TextoCinza\" style=\"text-align: right; \"><br /></span></span></span></span></span></div>\r\n<div style=\"text-align: left; \"><span class=\"TextoCinza\"><span class=\"TextoCinza\" style=\"text-align: right; \"><span class=\"TextoCinza\" style=\"text-align: right; \"><span class=\"TextoCinza\" style=\"text-align: right; \"><span class=\"TextoCinza\" style=\"text-align: right; \"><br /></span></span></span></span></span></div>\r\n<div style=\"text-align: left; \"><strong>Telefones</strong></div>\r\n<div style=\"text-align: left; \"><strong><span class=\"TextoCinza\"><span class=\"TextoCinza\" style=\"text-align: right; \"><span class=\"TextoCinza\" style=\"text-align: right; \"><span class=\"TextoCinza\" style=\"text-align: right; \"><span class=\"TextoCinza\" style=\"text-align: right; \"><span>+55\u00a0</span><a href=\"tel:+551434713479\">14 3471-3479</a><span>\u00a0-\u00a0</span><a href=\"tel:+551434711308\">14 3471-1308</a><span>\u00a0-\u00a0</span><a href=\"tel:+551434710950\">14 3471-0950</a><span>\u00a0-\u00a0</span><a href=\"tel:+551434710033\">14 3471-0033</a></span></span></span></span></span></strong></div>\r\n<div style=\"text-align: left; \"><strong><span class=\"TextoCinza\"><span class=\"TextoCinza\" style=\"text-align: right; \"><span class=\"TextoCinza\" style=\"text-align: right; \"><span class=\"TextoCinza\" style=\"text-align: right; \"><span class=\"TextoCinza\" id=\"lblTelefone\" style=\"text-align: right; \"><br /></span></span></span></span></span></strong></div>\r\n<div style=\"text-align: left; \"><strong>E-mail\u00a0</strong></div>\r\n<div style=\"text-align: left; \"><strong><a class=\"email-link\" href=\"mailto:camara@garca.sp.leg.br\" target=\"_blank\" title=\"\">camara@garca.sp.leg.br</a></strong></div>\r\n<div style=\"text-align: left; \"><strong><br /></strong></div>\r\n<div style=\"text-align: left; \"><strong>Como chegar \u00e0 C\u00e2mara Municipal</strong></div>\r\n</div>\r\n<span>\u00a0</span></div>\r\n<p><iframe src=\"https://www.google.com/maps/embed?pb=!1m18!1m12!1m3!1d3693.7610906265536!2d-49.657336885471324!3d-22.211183885369913!2m3!1f0!2f0!3f0!3m2!1i1024!2i768!4f13.1!3m3!1m2!1s0x94bfb8e0a57d9ae9%3A0xacecbb79a9a61356!2sC%C3%A2mara+Municipal+Gar%C3%A7a!5e0!3m2!1spt-BR!2sbr!4v1527297064767\" width=\"600\" height=\"450\" allowfullscreen=\"\" frameborder=\"0\" style=\"\"></iframe></p>\r\n<p><iframe src=\"https://www.google.com/maps/embed?pb=!4v1568829029728!6m8!1m7!1se5YSWE6jtQOGRj638zJegA!2m2!1d-22.21115754191607!2d-49.65505561988422!3f281.34794198127906!4f5.382326518349487!5f1.1924812503605782\" width=\"600\" height=\"450\" allowfullscreen=\"\" frameborder=\"0\" style=\"\"></iframe></p>", "author_name": "Interlegis", "version": "1.0", "author_url": "https://www.garca.sp.leg.br/author/Interlegis", "provider_name": "C\u00e2mara Municipal de Gar\u00e7a", "type": "rich"}